{"id":88,"date":"2025-07-05T19:48:00","date_gmt":"2025-07-05T19:48:00","guid":{"rendered":"https:\/\/cafestyle.pl\/?p=88"},"modified":"2025-07-05T19:49:37","modified_gmt":"2025-07-05T19:49:37","slug":"wakacje-na-wsi-czy-to-dobry-pomysl","status":"publish","type":"post","link":"https:\/\/cafestyle.pl\/index.php\/2025\/07\/05\/wakacje-na-wsi-czy-to-dobry-pomysl\/","title":{"rendered":"Wakacje na wsi \u2013 czy to dobry pomys\u0142?"},"content":{"rendered":"\n<h1 class=\"wp-block-heading\"><\/h1>\n\n\n\n<p>W czasach, gdy tempo \u017cycia w miastach przypomina nieko\u0144cz\u0105cy si\u0119 maraton, coraz wi\u0119cej os\u00f3b szuka odpoczynku w miejscach, gdzie czas p\u0142ynie wolniej. Jednym z takich miejsc jest wie\u015b \u2013 spokojna, zielona, pachn\u0105ca natur\u0105 i pe\u0142na uroku. Czy wakacje na wsi to dobry pomys\u0142? Zdecydowanie tak \u2013 i oto dlaczego.<\/p>\n\n\n\n<h2 class=\"wp-block-heading\"><strong>Ucieczka od zgie\u0142ku<\/strong><\/h2>\n\n\n\n<p>G\u0142\u00f3wnym atutem wypoczynku na wsi jest cisza i spok\u00f3j. Brak ha\u0142asu ulicznego, kork\u00f3w, klakson\u00f3w i t\u0142um\u00f3w sprawia, \u017ce mo\u017cna naprawd\u0119 odetchn\u0105\u0107 \u2013 zar\u00f3wno fizycznie, jak i psychicznie. Otaczaj\u0105ca ziele\u0144, \u015bpiew ptak\u00f3w i widoki p\u00f3l czy las\u00f3w maj\u0105 dzia\u0142anie terapeutyczne i koj\u0105ce dla zm\u0119czonego umys\u0142u.<\/p>\n\n\n\n<h2 class=\"wp-block-heading\"><strong>Blisko\u015b\u0107 natury<\/strong><\/h2>\n\n\n\n<p>Wie\u015b to idealne miejsce dla os\u00f3b spragnionych kontaktu z natur\u0105. Spacery po \u0142\u0105kach, k\u0105piele w jeziorze, obserwacja zwierz\u0105t czy zbieranie grzyb\u00f3w i jag\u00f3d to tylko niekt\u00f3re z atrakcji, kt\u00f3re oferuje wiejski krajobraz. To doskona\u0142a okazja, by zwolni\u0107 tempo, oderwa\u0107 si\u0119 od ekran\u00f3w i poczu\u0107 prawdziwy rytm przyrody.<\/p>\n\n\n\n<h2 class=\"wp-block-heading\"><strong>Lokalne jedzenie i tradycje<\/strong><\/h2>\n\n\n\n<p>Na wsi mo\u017cna nie tylko odpocz\u0105\u0107, ale te\u017c dobrze zje\u015b\u0107. Domowe przetwory, \u015bwie\u017ce warzywa z ogr\u00f3dka, mleko prosto od krowy czy swojskie wypieki smakuj\u0105 zupe\u0142nie inaczej ni\u017c produkty z marketu. Dodatkowo wiele gospodarstw agroturystycznych oferuje warsztaty kulinarne czy r\u0119kodzielnicze, kt\u00f3re pozwalaj\u0105 pozna\u0107 lokalne tradycje i kultur\u0119.<\/p>\n\n\n\n<h2 class=\"wp-block-heading\"><strong>Atrakcje dla ca\u0142ej rodziny<\/strong><\/h2>\n\n\n\n<p>Wakacje na wsi to \u015bwietna propozycja dla rodzin z dzie\u0107mi. Dzieci mog\u0105 zobaczy\u0107 zwierz\u0119ta gospodarskie z bliska, pobiega\u0107 po polach, je\u017adzi\u0107 na rowerze, bra\u0107 udzia\u0142 w wiejskich zabawach czy uczy\u0107 si\u0119 prostych prac w gospodarstwie. To nauka przez zabaw\u0119 i okazja do sp\u0119dzenia czasu razem \u2013 bez ekran\u00f3w i po\u015bpiechu.<\/p>\n\n\n\n<h2 class=\"wp-block-heading\"><strong>Wady, kt\u00f3re warto zna\u0107<\/strong><\/h2>\n\n\n\n<p>Oczywi\u015bcie, wie\u015b to nie miejsce dla ka\u017cdego. Osoby przyzwyczajone do miejskich wyg\u00f3d mog\u0105 odczuwa\u0107 brak infrastruktury \u2013 ograniczony dost\u0119p do sklep\u00f3w, restauracji czy internetu mo\u017ce by\u0107 wyzwaniem. Pogoda r\u00f3wnie\u017c odgrywa du\u017c\u0105 rol\u0119 \u2013 w deszczowe dni mo\u017ce brakowa\u0107 atrakcji. Warto te\u017c mie\u0107 w\u0142asny transport, bo komunikacja publiczna w mniejszych miejscowo\u015bciach bywa ograniczona.<\/p>\n\n\n\n<h2 class=\"wp-block-heading\"><strong>Podsumowanie<\/strong><\/h2>\n\n\n\n<p>Wakacje na wsi to doskona\u0142y spos\u00f3b na regeneracj\u0119 cia\u0142a i ducha. To powr\u00f3t do prostoty, natury i autentyczno\u015bci. Cho\u0107 nie ka\u017cdemu przypadn\u0105 do gustu wiejskie klimaty, wiele os\u00f3b odkrywa w nich co\u015b wyj\u0105tkowego \u2013 spok\u00f3j, kt\u00f3ry trudno znale\u017a\u0107 gdzie indziej.<\/p>\n\n\n\n<p>Je\u015bli marzysz o odpoczynku z dala od t\u0142um\u00f3w, chcesz zwolni\u0107 tempo i naprawd\u0119 \u201ena\u0142adowa\u0107 baterie\u201d \u2013 wie\u015b b\u0119dzie idealnym wyborem.<\/p>\n\n\n\n<hr class=\"wp-block-separator has-alpha-channel-opacity\"\/>\n","protected":false},"excerpt":{"rendered":"<p>W czasach, gdy tempo \u017cycia w miastach przypomina nieko\u0144cz\u0105cy si\u0119 maraton, coraz wi\u0119cej os\u00f3b szuka odpoczynku w miejscach, gdzie czas p\u0142ynie wolniej. Jednym z takich miejsc jest wie\u015b \u2013 spokojna, zielona, pachn\u0105ca natur\u0105 i pe\u0142na uroku. Czy wakacje na wsi to dobry pomys\u0142? Zdecydowanie tak \u2013 i oto dlaczego. Ucieczka od zgie\u0142ku G\u0142\u00f3wnym atutem wypoczynku &hellip; <\/p>\n","protected":false},"author":1,"featured_media":89,"comment_status":"open","ping_status":"open","sticky":false,"template":"","format":"standard","meta":{"footnotes":""},"categories":[7],"tags":[],"class_list":["post-88","post","type-post","status-publish","format-standard","has-post-thumbnail","hentry","category-wypoczynek","latest_post"],"_links":{"self":[{"href":"https:\/\/cafestyle.pl\/index.php\/wp-json\/wp\/v2\/posts\/88","targetHints":{"allow":["GET"]}}],"collection":[{"href":"https:\/\/cafestyle.pl\/index.php\/wp-json\/wp\/v2\/posts"}],"about":[{"href":"https:\/\/cafestyle.pl\/index.php\/wp-json\/wp\/v2\/types\/post"}],"author":[{"embeddable":true,"href":"https:\/\/cafestyle.pl\/index.php\/wp-json\/wp\/v2\/users\/1"}],"replies":[{"embeddable":true,"href":"https:\/\/cafestyle.pl\/index.php\/wp-json\/wp\/v2\/comments?post=88"}],"version-history":[{"count":1,"href":"https:\/\/cafestyle.pl\/index.php\/wp-json\/wp\/v2\/posts\/88\/revisions"}],"predecessor-version":[{"id":90,"href":"https:\/\/cafestyle.pl\/index.php\/wp-json\/wp\/v2\/posts\/88\/revisions\/90"}],"wp:featuredmedia":[{"embeddable":true,"href":"https:\/\/cafestyle.pl\/index.php\/wp-json\/wp\/v2\/media\/89"}],"wp:attachment":[{"href":"https:\/\/cafestyle.pl\/index.php\/wp-json\/wp\/v2\/media?parent=88"}],"wp:term":[{"taxonomy":"category","embeddable":true,"href":"https:\/\/cafestyle.pl\/index.php\/wp-json\/wp\/v2\/categories?post=88"},{"taxonomy":"post_tag","embeddable":true,"href":"https:\/\/cafestyle.pl\/index.php\/wp-json\/wp\/v2\/tags?post=88"}],"curies":[{"name":"wp","href":"https:\/\/api.w.org\/{rel}","templated":true}]}}