{"id":64,"date":"2025-07-01T12:59:31","date_gmt":"2025-07-01T12:59:31","guid":{"rendered":"https:\/\/cafestyle.pl\/?p=64"},"modified":"2025-07-01T12:59:31","modified_gmt":"2025-07-01T12:59:31","slug":"wypoczynek-w-polskich-gorach","status":"publish","type":"post","link":"https:\/\/cafestyle.pl\/index.php\/2025\/07\/01\/wypoczynek-w-polskich-gorach\/","title":{"rendered":"Wypoczynek w polskich g\u00f3rach!"},"content":{"rendered":"\n<p>Wypoczynek w polskich g\u00f3rach to idealna propozycja na ka\u017cd\u0105 por\u0119 roku \u2013 niezale\u017cnie od tego, czy szukasz aktywnego urlopu, chwili wyciszenia czy kontaktu z dzik\u0105 natur\u0105. W 2025 roku g\u00f3ry kusz\u0105 jeszcze bardziej ni\u017c zwykle: ro\u015bnie liczba klimatycznych nocleg\u00f3w, rozbudowywana jest infrastruktura szlak\u00f3w, a lokalna kuchnia i kultura przyci\u0105gaj\u0105 coraz wi\u0119ksze grono mi\u0142o\u015bnik\u00f3w autentycznych do\u015bwiadcze\u0144. Polska oferuje zr\u00f3\u017cnicowany g\u00f3rski krajobraz \u2013 od majestatycznych Tatr po dzikie Bieszczady \u2013 co pozwala dopasowa\u0107 miejsce wypoczynku do w\u0142asnych potrzeb i mo\u017cliwo\u015bci.<\/p>\n\n\n\n<p>Tatry to wyb\u00f3r dla tych, kt\u00f3rzy lubi\u0105 mocniejsze wra\u017cenia \u2013 wysokie szczyty, ostre podej\u015bcia i spektakularne panoramy. Cho\u0107 Zakopane bywa zat\u0142oczone, wystarczy oddali\u0107 si\u0119 kilka kilometr\u00f3w, by znale\u017a\u0107 spokojniejsze miejsca: Murzasichle, Ko\u015bcielisko czy Ma\u0142e Ciche. W\u0119dr\u00f3wki na Giewont, Kasprowy czy przez Dolin\u0119 Pi\u0119ciu Staw\u00f3w dostarczaj\u0105 niezapomnianych emocji, a tatrza\u0144skie schroniska zach\u0119caj\u0105 do nocowania bli\u017cej natury.<\/p>\n\n\n\n<p>Je\u015bli marzy si\u0119 wypoczynek bardziej spokojny, doskona\u0142ym wyborem b\u0119d\u0105 Beskidy. Beskid \u017bywiecki, S\u0105decki czy Niski to regiony idealne na rodzinne wyjazdy, trekking w umiarkowanym tempie i wypoczynek z dala od zgie\u0142ku. G\u00f3rskie trasy s\u0105 tu \u0142agodniejsze, a przy tym niezwykle malownicze \u2013 szczeg\u00f3lnie jesieni\u0105 i latem, gdy lasy t\u0119tni\u0105 kolorami i zapachami. Wiele miejscowo\u015bci, takich jak Krynica-Zdr\u00f3j, Ustro\u0144 czy Wis\u0142a, oferuje dost\u0119p do uzdrowisk, basen\u00f3w termalnych i tras rowerowych.<\/p>\n\n\n\n<p>Coraz wi\u0119cej os\u00f3b wybiera te\u017c Sudety \u2013 z Karkonoszami na czele. \u015anie\u017cka, \u015anie\u017cne Kot\u0142y czy Szklarska Por\u0119ba to klasyki, kt\u00f3re przyci\u0105gaj\u0105 \u015bwietnymi widokami i klimatycznymi noclegami. Dolny \u015al\u0105sk to region pe\u0142en zamk\u00f3w, tajemniczych podziemi, historycznych pensjonat\u00f3w i mniejszych, urokliwych miejscowo\u015bci jak L\u0105dek-Zdr\u00f3j czy Mi\u0119dzyg\u00f3rze. To dobry wyb\u00f3r dla tych, kt\u00f3rzy chc\u0105 po\u0142\u0105czy\u0107 g\u00f3ry z kultur\u0105 i histori\u0105.<\/p>\n\n\n\n<p>Na bardziej dzikie do\u015bwiadczenie warto postawi\u0107 w Bieszczadach \u2013 to kierunek dla tych, kt\u00f3rzy chc\u0105 naprawd\u0119 odpocz\u0105\u0107. Brak zasi\u0119gu w wielu miejscach, ma\u0142o ucz\u0119szczane szlaki, po\u0142oniny i drewniane cerkwie tworz\u0105 wyj\u0105tkowy klimat. Cisna, Wetlina, Ustrzyki G\u00f3rne czy Tarnica to miejsca, kt\u00f3re oferuj\u0105 kontakt z natur\u0105 w czystej postaci. Latem mo\u017cna tu spotka\u0107 pas\u0105ce si\u0119 konie, zamglone doliny o poranku i niebo pe\u0142ne gwiazd noc\u0105.<\/p>\n\n\n\n<p>W 2025 roku g\u00f3rski wypoczynek w Polsce to tak\u017ce nowoczesne eko-domki, glampingi, agroturystyki i le\u015bne chaty z widokiem na doliny. Cz\u0119sto z saun\u0105, jacuzzi i kuchni\u0105 opart\u0105 na lokalnych produktach. To idealna przestrze\u0144 na reset \u2013 z dala od ekran\u00f3w, blisko siebie i blisko przyrody.<\/p>\n\n\n\n<p>Bez wzgl\u0119du na to, czy wybierzesz si\u0119 w Tatry, Beskidy, Sudety czy Bieszczady, jedno jest pewne \u2013 polskie g\u00f3ry daj\u0105 ogromn\u0105 r\u00f3\u017cnorodno\u015b\u0107 i autentyczne wra\u017cenia. To \u015bwietny kierunek na odpoczynek z plecakiem, ksi\u0105\u017ck\u0105 lub gitar\u0105 \u2013 na pieszo, na rowerze albo po prostu w ciszy, przy kominku.<\/p>\n","protected":false},"excerpt":{"rendered":"<p>Wypoczynek w polskich g\u00f3rach to idealna propozycja na ka\u017cd\u0105 por\u0119 roku \u2013 niezale\u017cnie od tego, czy szukasz aktywnego urlopu, chwili wyciszenia czy kontaktu z dzik\u0105 natur\u0105. W 2025 roku g\u00f3ry kusz\u0105 jeszcze bardziej ni\u017c zwykle: ro\u015bnie liczba klimatycznych nocleg\u00f3w, rozbudowywana jest infrastruktura szlak\u00f3w, a lokalna kuchnia i kultura przyci\u0105gaj\u0105 coraz wi\u0119ksze grono mi\u0142o\u015bnik\u00f3w autentycznych do\u015bwiadcze\u0144. &hellip; <\/p>\n","protected":false},"author":1,"featured_media":65,"comment_status":"open","ping_status":"open","sticky":false,"template":"","format":"standard","meta":{"footnotes":""},"categories":[7],"tags":[],"class_list":["post-64","post","type-post","status-publish","format-standard","has-post-thumbnail","hentry","category-wypoczynek","latest_post"],"_links":{"self":[{"href":"https:\/\/cafestyle.pl\/index.php\/wp-json\/wp\/v2\/posts\/64","targetHints":{"allow":["GET"]}}],"collection":[{"href":"https:\/\/cafestyle.pl\/index.php\/wp-json\/wp\/v2\/posts"}],"about":[{"href":"https:\/\/cafestyle.pl\/index.php\/wp-json\/wp\/v2\/types\/post"}],"author":[{"embeddable":true,"href":"https:\/\/cafestyle.pl\/index.php\/wp-json\/wp\/v2\/users\/1"}],"replies":[{"embeddable":true,"href":"https:\/\/cafestyle.pl\/index.php\/wp-json\/wp\/v2\/comments?post=64"}],"version-history":[{"count":1,"href":"https:\/\/cafestyle.pl\/index.php\/wp-json\/wp\/v2\/posts\/64\/revisions"}],"predecessor-version":[{"id":66,"href":"https:\/\/cafestyle.pl\/index.php\/wp-json\/wp\/v2\/posts\/64\/revisions\/66"}],"wp:featuredmedia":[{"embeddable":true,"href":"https:\/\/cafestyle.pl\/index.php\/wp-json\/wp\/v2\/media\/65"}],"wp:attachment":[{"href":"https:\/\/cafestyle.pl\/index.php\/wp-json\/wp\/v2\/media?parent=64"}],"wp:term":[{"taxonomy":"category","embeddable":true,"href":"https:\/\/cafestyle.pl\/index.php\/wp-json\/wp\/v2\/categories?post=64"},{"taxonomy":"post_tag","embeddable":true,"href":"https:\/\/cafestyle.pl\/index.php\/wp-json\/wp\/v2\/tags?post=64"}],"curies":[{"name":"wp","href":"https:\/\/api.w.org\/{rel}","templated":true}]}}